{"id":977,"date":"2023-04-18T11:30:30","date_gmt":"2023-04-18T11:30:30","guid":{"rendered":"https:\/\/frc.co.at\/selbstnutzung-einer-wohnung-im-miteigentum-durch-einen-miteigentumer\/"},"modified":"2023-04-25T13:00:10","modified_gmt":"2023-04-25T13:00:10","slug":"selbstnutzung-einer-wohnung-im-miteigentum-durch-einen-miteigentumer","status":"publish","type":"post","link":"https:\/\/frc.co.at\/en\/selbstnutzung-einer-wohnung-im-miteigentum-durch-einen-miteigentumer\/","title":{"rendered":"Selbstnutzung einer Wohnung im Miteigentum durch einen Miteigent\u00fcmer"},"content":{"rendered":"<p>Oft wird versucht, die eigene Wohnung steueroptimal durch Vermietung an sich selbst zu nutzen. Allerdings werden solche Vermietungen als steuerlich unbeachtliche Gebrauchs\u00fcberlassung gewertet. Dazu hat sich erst k\u00fcrzlich der Verwaltungsgerichtshof (VwGH) ge\u00e4u\u00dfert.<\/p>\n<p>F\u00fcr die eigene Wohnung ist ein Vorsteuerabzug nur dann m\u00f6glich, wenn diese Wohnung an einen Dritten vermietet wird. Ebenso sind Aufwendungen f\u00fcr die private Wohnung steuerrechtlich nicht abzugsf\u00e4hig, Aufwendungen f\u00fcr Mietwohnungen unter bestimmten Voraussetzungen hingegen schon. Daher gibt es immer wieder Bestrebungen, die Eigennutzung einer Wohnung durch den Wohnungseigent\u00fcmer steuerlich als Vermietung darzustellen.<br \/>In diesem Sinne wird versucht, die eigene Wohnung durch Vermietung an sich selbst zu nutzen. Allerdings werden solche Vermietungen als steuerlich unbeachtliche Gebrauchs\u00fcberlassung gewertet. Zu dieser Rechtsfrage wurde dem VwGH k\u00fcrzlich die Revision eines Steuerpflichtigen vorgelegt, welche er jedoch zur\u00fcckwies und damit die Entscheidung des Bundesfinanzgerichtes (BFG) best\u00e4tigte.<\/p>\n<p><strong>Blo\u00dfe Gebrauchs\u00fcberlassung<\/strong><\/p>\n<p>Zwei Miteigent\u00fcmer besitzen eine Liegenschaft, in der sich im Erdgeschoss ein Gesch\u00e4ftslokal und im Ober- und Dachgeschoss je zwei Wohnungen befinden. Einer der zwei Miteigent\u00fcmer mietet f\u00fcr sich eine der Wohnungen zu einem fremd\u00fcblichen Mietzins. Die Gr\u00f6\u00dfe der vermieteten Wohnung findet Deckung in der Miteigentumsquote. Im Zuge einer abgabenbeh\u00f6rdlichen Pr\u00fcfung wurde durch die Finanzverwaltung festgestellt, dass die Vermietung an den Miteigent\u00fcmer steuerlich nicht anzuerkennen sei, da dem Miteigent\u00fcmer ohnehin eine Nutzungsberechtigung am Geb\u00e4ude zustehe, weshalb die Nutzung durch den Miteigent\u00fcmer eine steuerlich unbeachtliche Gebrauchsregelung darstelle. Die Begr\u00fcndung eines Mietverh\u00e4ltnisses sei daher nicht erforderlich gewesen.<br \/>Zudem stehe beim Miteigent\u00fcmer nicht die Vermietungsabsicht, sondern die Befriedigung seiner eigenen Wohnbed\u00fcrfnisse im Vordergrund. Die mit der Wohnung im Zusammenhang stehenden Einnahmen und Ausgaben k\u00f6nnten damit nicht steuerwirksam ber\u00fccksichtig werden.<\/p>\n<p>Gegen den relevanten Bescheid erhoben die Miteigent\u00fcmer Beschwerde beim BFG. Das BFG f\u00fchrte in seiner Entscheidung aus, dass es <strong>f\u00fcr die steuerliche Anerkennung einer Vermietung an einen Miteigent\u00fcmer der Liegenschaft nicht ausreiche, dass diese Vermietung aufgrund eines fremd\u00fcblichen Mietvertrages erfolgt<\/strong>. Vielmehr liege bei Nutzung eines Geb\u00e4udeteils f\u00fcr eigene Wohnzwecke eines Miteigent\u00fcmers \u2013 unabh\u00e4ngig von der Frage der Fremd\u00fcblichkeit des Mietvertrags bzw. des Mietentgelts \u2013 stets eine blo\u00dfe Gebrauchs\u00fcberlassung vor.<\/p>\n<p>Diese Auffassung wurde auch vom VwGH best\u00e4tigt. Die mit dieser Wohnung im Zusammenhang stehenden Aufwendungen (unter anderem Sanierungskosten) k\u00f6nnen daher von der Vermietungsgemeinschaft <strong>nicht als Werbungskosten abgezogen<\/strong> und die auf Eingangsrechnungen entfallenden Vorsteuern nicht geltend gemacht werden.<\/p>","protected":false},"excerpt":{"rendered":"<p>Oft wird versucht, die eigene Wohnung steueroptimal durch Vermietung an sich selbst zu nutzen. Allerdings werden solche Vermietungen als steuerlich unbeachtliche Gebrauchs\u00fcberlassung gewertet. Dazu hat sich erst k\u00fcrzlich der Verwaltungsgerichtshof (VwGH) ge\u00e4u\u00dfert.<\/p>","protected":false},"author":1,"featured_media":0,"comment_status":"closed","ping_status":"closed","sticky":false,"template":"elementor_header_footer","format":"standard","meta":{"site-sidebar-layout":"default","site-content-layout":"","ast-site-content-layout":"default","site-content-style":"default","site-sidebar-style":"default","ast-global-header-display":"","ast-banner-title-visibility":"","ast-main-header-display":"","ast-hfb-above-header-display":"","ast-hfb-below-header-display":"","ast-hfb-mobile-header-display":"","site-post-title":"","ast-breadcrumbs-content":"","ast-featured-img":"","footer-sml-layout":"","ast-disable-related-posts":"","theme-transparent-header-meta":"","adv-header-id-meta":"","stick-header-meta":"","header-above-stick-meta":"","header-main-stick-meta":"","header-below-stick-meta":"","astra-migrate-meta-layouts":"default","ast-page-background-enabled":"default","ast-page-background-meta":{"desktop":{"background-color":"","background-image":"","background-repeat":"repeat","background-position":"center center","background-size":"auto","background-attachment":"scroll","background-type":"","background-media":"","overlay-type":"","overlay-color":"","overlay-opacity":"","overlay-gradient":""},"tablet":{"background-color":"","background-image":"","background-repeat":"repeat","background-position":"center center","background-size":"auto","background-attachment":"scroll","background-type":"","background-media":"","overlay-type":"","overlay-color":"","overlay-opacity":"","overlay-gradient":""},"mobile":{"background-color":"","background-image":"","background-repeat":"repeat","background-position":"center center","background-size":"auto","background-attachment":"scroll","background-type":"","background-media":"","overlay-type":"","overlay-color":"","overlay-opacity":"","overlay-gradient":""}},"ast-content-background-meta":{"desktop":{"background-color":"var(--ast-global-color-5)","background-image":"","background-repeat":"repeat","background-position":"center center","background-size":"auto","background-attachment":"scroll","background-type":"","background-media":"","overlay-type":"","overlay-color":"","overlay-opacity":"","overlay-gradient":""},"tablet":{"background-color":"var(--ast-global-color-5)","background-image":"","background-repeat":"repeat","background-position":"center center","background-size":"auto","background-attachment":"scroll","background-type":"","background-media":"","overlay-type":"","overlay-color":"","overlay-opacity":"","overlay-gradient":""},"mobile":{"background-color":"var(--ast-global-color-5)","background-image":"","background-repeat":"repeat","background-position":"center center","background-size":"auto","background-attachment":"scroll","background-type":"","background-media":"","overlay-type":"","overlay-color":"","overlay-opacity":"","overlay-gradient":""}},"footnotes":""},"categories":[16],"tags":[],"class_list":["post-977","post","type-post","status-publish","format-standard","hentry","category-fin"],"_links":{"self":[{"href":"https:\/\/frc.co.at\/en\/wp-json\/wp\/v2\/posts\/977","targetHints":{"allow":["GET"]}}],"collection":[{"href":"https:\/\/frc.co.at\/en\/wp-json\/wp\/v2\/posts"}],"about":[{"href":"https:\/\/frc.co.at\/en\/wp-json\/wp\/v2\/types\/post"}],"author":[{"embeddable":true,"href":"https:\/\/frc.co.at\/en\/wp-json\/wp\/v2\/users\/1"}],"replies":[{"embeddable":true,"href":"https:\/\/frc.co.at\/en\/wp-json\/wp\/v2\/comments?post=977"}],"version-history":[{"count":1,"href":"https:\/\/frc.co.at\/en\/wp-json\/wp\/v2\/posts\/977\/revisions"}],"predecessor-version":[{"id":985,"href":"https:\/\/frc.co.at\/en\/wp-json\/wp\/v2\/posts\/977\/revisions\/985"}],"wp:attachment":[{"href":"https:\/\/frc.co.at\/en\/wp-json\/wp\/v2\/media?parent=977"}],"wp:term":[{"taxonomy":"category","embeddable":true,"href":"https:\/\/frc.co.at\/en\/wp-json\/wp\/v2\/categories?post=977"},{"taxonomy":"post_tag","embeddable":true,"href":"https:\/\/frc.co.at\/en\/wp-json\/wp\/v2\/tags?post=977"}],"curies":[{"name":"wp","href":"https:\/\/api.w.org\/{rel}","templated":true}]}}