{"id":1166,"date":"2024-08-20T11:36:09","date_gmt":"2024-08-20T11:36:09","guid":{"rendered":"https:\/\/frc.co.at\/masnahmen-zur-entlastung-fur-2025\/"},"modified":"2024-08-20T11:36:09","modified_gmt":"2024-08-20T11:36:09","slug":"masnahmen-zur-entlastung-fur-2025","status":"publish","type":"post","link":"https:\/\/frc.co.at\/en\/masnahmen-zur-entlastung-fur-2025\/","title":{"rendered":"Ma\u00dfnahmen zur Entlastung f\u00fcr 2025"},"content":{"rendered":"<p>Zur Abgeltung der noch nicht ber\u00fccksichtigten Inflationswirkungen hat die Bundesregierung weitere Ma\u00dfnahmen ab 1.1.2025 beschlossen. Die entsprechenden Gesetze sollen bis Oktober im National- und Bundesrat beschlossen werden.<\/p>\n<p>Die kalte Progression wurde in Osterreich ab 1.1.2023 abgeschafft. Sozial- und Familienleistungen wie die Familienbeihilfe, der Mehrkindzuschlag und der Kinderabsetzbetrag werden seitdem valorisiert. Im Rahmen des j\u00e4hrlich verbleibenden Drittels sollen ab 1.1.2025 insbesondere Leistungstr\u00e4ger sowie Familien mit Kindern ber\u00fccksichtigt werden.<\/p>\n<p><strong>Volle Anpassung der Absetzbetr\u00e4ge<\/strong><\/p>\n<p>Die Absetzbetr\u00e4ge (Alleinverdienerabsetzbetrag, Alleinerzieherabsetzbetrag, Unterhaltsabsetzbetrag, Verkehrsabsetzbetrag, erh\u00f6hter Verkehrsabsetzbetrag f\u00fcr Pendler, Zuschlag zum Verkehrsabsetzbetrag, Pensionistenabsetzbetrag, erh\u00f6hter Pensionistenabsetzbetrag) samt der SV-R\u00fcckerstattung und des SV-Bonus sowie zugeh\u00f6riger Einkommens- und Einschleifgrenzen sollen zu 100% an die Inflationsrate angepasst werden.<\/p>\n<p><strong>Anhebung und Attraktivierung des Kilometergeldes<\/strong><\/p>\n<p>F\u00fcr die berufliche Nutzung eines arbeitnehmereigenen Fahrzeuges kann Kilometergeld steuerfrei ausbezahlt werden. Dieses betr\u00e4gt derzeit je Kilometer f\u00fcr PKW \u20ac 0,42 bzw. f\u00fcr jede mitbef\u00f6rderte Person \u20ac 0,05, f\u00fcr Motorr\u00e4der \u20ac 0,24 und f\u00fcr Fahrr\u00e4der bzw. E-Bikes \u20ac 0,38. Ab 1.1.2025 soll das <strong>Kilometergeld f\u00fcr PKW, Motorr\u00e4der und Fahrr\u00e4der mit einheitlichen \u20ac 0,50 festgesetzt<\/strong> werden. Dies gilt auch f\u00fcr Unternehmer, die ihr privates Fahrzeug beruflich nutzen. F\u00fcr jede mitbef\u00f6rderte Person soll ein Betrag von \u20ac 0,15 beansprucht werden k\u00f6nnen. Au\u00dferdem soll die derzeit geltende Obergrenze f\u00fcr den Ansatz von Kilometergeld f\u00fcr Fahrr\u00e4der von 1.500 km auf 3.000 km pro Jahr verdoppelt werden.<\/p>\n<p><strong>Anhebung und Attraktivierung des Kostenersatzes bei \u00d6ffi-Nutzung<\/strong><\/p>\n<p>F\u00fcr Arbeitnehmer soll es einen erh\u00f6hten Bef\u00f6rderungszuschuss bei Dienstreisen geben. F\u00fcr Dienstreisen mit \u00f6ffentlichen Verkehrsmitteln k\u00f6nnen durch den Arbeitgeber die Ticketkosten oder Bef\u00f6rderungszusch\u00fcsse nach der Reisegeb\u00fchrenvorschrift nicht steuerbar ersetzt bzw. vom Arbeitnehmer steuerlich geltend gemacht werden. Es sollen die S\u00e4tze f\u00fcr Bef\u00f6rderungszusch\u00fcsse f\u00fcr die ersten 50 Kilometer auf \u20ac 0,50, f\u00fcr die weiteren 250 Kilometer auf \u20ac 0,20 und f\u00fcr jeden weiteren Kilometer auf \u20ac 0,10 angehoben werden.<\/p>\n<p><strong>Finanzielle Hilfe f\u00fcr einkommensschwache Haushalte mit Kindern<\/strong><\/p>\n<p>Zur Unterst\u00fctzung erwerbst\u00e4tiger armuts- und ausgrenzungsgef\u00e4hrdeter Familien soll ab 1.1.2025 dauerhaft ein Kinderzuschlag (f\u00fcr Kinder bis zum 18. Lebensjahr) in Form eines Absetzbetrages f\u00fcr erwerbst\u00e4tige Alleinverdiener sowie Alleinerzieher mit einem Jahreseinkommen von (derzeit) maximal \u20ac 24.500 in H\u00f6he von \u20ac 60 pro Kind und Monat vorgesehen werden. Der Betrag wird f\u00fcr jeden Monat ausbezahlt. Der Erh\u00f6hungsbetrag und die Einkommensgrenze werden j\u00e4hrlich valorisiert.<\/p>\n<p>Anhebung der Tages- und N\u00e4chtigungsgelder<br \/>Tagesgelder f\u00fcr Inlandsdienstreisen sind derzeit bis zu \u20ac 26,40 pro Tag steuerlich als Kostenersatz anerkannt. Als N\u00e4chtigungsgeld k\u00f6nnen \u2013 sofern keine h\u00f6heren Ausgaben nachgewiesen werden \u2013 bis zu \u20ac 15 ber\u00fccksichtigt werden. Diese Betr\u00e4ge sollen auf jeweils \u20ac 30 bzw. \u20ac 17 erh\u00f6ht werden.<\/p>\n<p><strong>Weitere Ma\u00dfnahmen<\/strong><\/p>\n<ul>\n<li>Anpassung der ersten f\u00fcnf Tarifgrenzen um zus\u00e4tzlich jeweils 0,5 %-Punkte<\/li>\n<li>Erh\u00f6hung der Kleinunternehmergrenze auf \u20ac 55.000<\/li>\n<li>Modernisierung und Vereinfachung des Sachbezugs f\u00fcr Dienstwohnungen<\/li>\n<li>Valorisierung der Freigrenze f\u00fcr sonstige Bez\u00fcge<\/li>\n<\/ul>","protected":false},"excerpt":{"rendered":"<p>Zur Abgeltung der noch nicht ber\u00fccksichtigten Inflationswirkungen hat die Bundesregierung weitere Ma\u00dfnahmen ab 1.1.2025 beschlossen. Die entsprechenden Gesetze sollen bis Oktober im National- und Bundesrat beschlossen werden.<\/p>","protected":false},"author":1,"featured_media":0,"comment_status":"","ping_status":"open","sticky":false,"template":"","format":"standard","meta":{"site-sidebar-layout":"default","site-content-layout":"","ast-site-content-layout":"default","site-content-style":"default","site-sidebar-style":"default","ast-global-header-display":"","ast-banner-title-visibility":"","ast-main-header-display":"","ast-hfb-above-header-display":"","ast-hfb-below-header-display":"","ast-hfb-mobile-header-display":"","site-post-title":"","ast-breadcrumbs-content":"","ast-featured-img":"","footer-sml-layout":"","ast-disable-related-posts":"","theme-transparent-header-meta":"","adv-header-id-meta":"","stick-header-meta":"","header-above-stick-meta":"","header-main-stick-meta":"","header-below-stick-meta":"","astra-migrate-meta-layouts":"default","ast-page-background-enabled":"default","ast-page-background-meta":{"desktop":{"background-color":"","background-image":"","background-repeat":"repeat","background-position":"center center","background-size":"auto","background-attachment":"scroll","background-type":"","background-media":"","overlay-type":"","overlay-color":"","overlay-opacity":"","overlay-gradient":""},"tablet":{"background-color":"","background-image":"","background-repeat":"repeat","background-position":"center center","background-size":"auto","background-attachment":"scroll","background-type":"","background-media":"","overlay-type":"","overlay-color":"","overlay-opacity":"","overlay-gradient":""},"mobile":{"background-color":"","background-image":"","background-repeat":"repeat","background-position":"center center","background-size":"auto","background-attachment":"scroll","background-type":"","background-media":"","overlay-type":"","overlay-color":"","overlay-opacity":"","overlay-gradient":""}},"ast-content-background-meta":{"desktop":{"background-color":"var(--ast-global-color-5)","background-image":"","background-repeat":"repeat","background-position":"center center","background-size":"auto","background-attachment":"scroll","background-type":"","background-media":"","overlay-type":"","overlay-color":"","overlay-opacity":"","overlay-gradient":""},"tablet":{"background-color":"var(--ast-global-color-5)","background-image":"","background-repeat":"repeat","background-position":"center center","background-size":"auto","background-attachment":"scroll","background-type":"","background-media":"","overlay-type":"","overlay-color":"","overlay-opacity":"","overlay-gradient":""},"mobile":{"background-color":"var(--ast-global-color-5)","background-image":"","background-repeat":"repeat","background-position":"center center","background-size":"auto","background-attachment":"scroll","background-type":"","background-media":"","overlay-type":"","overlay-color":"","overlay-opacity":"","overlay-gradient":""}},"footnotes":""},"categories":[16],"tags":[],"class_list":["post-1166","post","type-post","status-publish","format-standard","hentry","category-fin"],"_links":{"self":[{"href":"https:\/\/frc.co.at\/en\/wp-json\/wp\/v2\/posts\/1166","targetHints":{"allow":["GET"]}}],"collection":[{"href":"https:\/\/frc.co.at\/en\/wp-json\/wp\/v2\/posts"}],"about":[{"href":"https:\/\/frc.co.at\/en\/wp-json\/wp\/v2\/types\/post"}],"author":[{"embeddable":true,"href":"https:\/\/frc.co.at\/en\/wp-json\/wp\/v2\/users\/1"}],"replies":[{"embeddable":true,"href":"https:\/\/frc.co.at\/en\/wp-json\/wp\/v2\/comments?post=1166"}],"version-history":[{"count":0,"href":"https:\/\/frc.co.at\/en\/wp-json\/wp\/v2\/posts\/1166\/revisions"}],"wp:attachment":[{"href":"https:\/\/frc.co.at\/en\/wp-json\/wp\/v2\/media?parent=1166"}],"wp:term":[{"taxonomy":"category","embeddable":true,"href":"https:\/\/frc.co.at\/en\/wp-json\/wp\/v2\/categories?post=1166"},{"taxonomy":"post_tag","embeddable":true,"href":"https:\/\/frc.co.at\/en\/wp-json\/wp\/v2\/tags?post=1166"}],"curies":[{"name":"wp","href":"https:\/\/api.w.org\/{rel}","templated":true}]}}